{"id":1107,"date":"2012-08-13T22:04:00","date_gmt":"2012-08-13T20:04:00","guid":{"rendered":"http:\/\/freie-trauungen-berlin.de\/2012\/08\/hochzeit-am-11-8-2012-im-literarischen-colloquium-berlin\/"},"modified":"2012-08-13T22:04:00","modified_gmt":"2012-08-13T20:04:00","slug":"hochzeit-am-11-8-2012-im-literarischen-colloquium-berlin","status":"publish","type":"post","link":"https:\/\/freie-trauungen-berlin.de\/en\/2012\/08\/hochzeit-am-11-8-2012-im-literarischen-colloquium-berlin\/","title":{"rendered":"Hochzeit am 11.8.2012 im Literarischen Colloquium Berlin"},"content":{"rendered":"<p>Die Sonne lachte und dazu hatte sie auch allen Grund. Sonnenblumen \u00fcber Sonnenblumen schm\u00fcckten die Trauung im Literarischem Colloquium. Im Hintergrund  glitzerte das Wasser und die Segelbote boten einen zauberhaften Anblick.<\/p>\n<p>Selbst die Bl\u00fcte einer Sonnenblume wurde als Ringkissen genutzt. Vom Brautstrau\u00df bis hin zum Anstecker des Herrn \u00fcberall lachten die wundersch\u00f6nen Blumen uns an.<\/p>\n<p>Wen verwundert es, dass auch das Brautpaar Franzi und Felix \u00fcbergl\u00fccklich in ihr neues Gl\u00fcck schauten und mit ihren fast 100 G\u00e4sten durch ein Pferdespalier (mit Mosi als Star) spazierten, um dann im Restaurant Fr\u00fchsammer bis in den Morgen hinein zu feiern.<\/p>\n","protected":false},"excerpt":{"rendered":"<p>Die Sonne lachte und dazu hatte sie auch allen Grund. Sonnenblumen \u00fcber Sonnenblumen schm\u00fcckten die Trauung im Literarischem Colloquium. Im Hintergrund glitzerte das Wasser und die Segelbote boten einen zauberhaften Anblick. Selbst die Bl\u00fcte einer Sonnenblume wurde als Ringkissen genutzt. Vom Brautstrau\u00df bis hin zum Anstecker des Herrn \u00fcberall lachten die wundersch\u00f6nen Blumen uns an. [&hellip;]<\/p>\n","protected":false},"author":1,"featured_media":493,"comment_status":"open","ping_status":"open","sticky":false,"template":"","format":"standard","meta":{"_et_pb_use_builder":"","_et_pb_old_content":"","_et_gb_content_width":"","footnotes":""},"categories":[],"tags":[],"class_list":["post-1107","post","type-post","status-publish","format-standard","has-post-thumbnail","hentry"],"yoast_head":"<!-- This site is optimized with the Yoast SEO plugin v27.4 - https:\/\/yoast.com\/product\/yoast-seo-wordpress\/ -->\n<title>Hochzeit am 11.8.2012 im Literarischen Colloquium Berlin - Freie Trauungen Berlin<\/title>\n<meta name=\"robots\" content=\"index, follow, max-snippet:-1, max-image-preview:large, max-video-preview:-1\" \/>\n<link rel=\"canonical\" href=\"https:\/\/freie-trauungen-berlin.de\/en\/2012\/08\/hochzeit-am-11-8-2012-im-literarischen-colloquium-berlin\/\" \/>\n<meta property=\"og:locale\" content=\"en_US\" \/>\n<meta property=\"og:type\" content=\"article\" \/>\n<meta property=\"og:title\" content=\"Hochzeit am 11.8.2012 im Literarischen Colloquium Berlin - Freie Trauungen Berlin\" \/>\n<meta property=\"og:description\" content=\"Die Sonne lachte und dazu hatte sie auch allen Grund. Sonnenblumen \u00fcber Sonnenblumen schm\u00fcckten die Trauung im Literarischem Colloquium. Im Hintergrund glitzerte das Wasser und die Segelbote boten einen zauberhaften Anblick. Selbst die Bl\u00fcte einer Sonnenblume wurde als Ringkissen genutzt. Vom Brautstrau\u00df bis hin zum Anstecker des Herrn \u00fcberall lachten die wundersch\u00f6nen Blumen uns an. [&hellip;]\" \/>\n<meta property=\"og:url\" content=\"https:\/\/freie-trauungen-berlin.de\/en\/2012\/08\/hochzeit-am-11-8-2012-im-literarischen-colloquium-berlin\/\" \/>\n<meta property=\"og:site_name\" content=\"Freie Trauungen Berlin\" \/>\n<meta property=\"article:published_time\" content=\"2012-08-13T20:04:00+00:00\" \/>\n<meta property=\"og:image\" content=\"https:\/\/freie-trauungen-berlin.de\/wp-content\/uploads\/2012\/08\/IMG_9765.jpg\" \/>\n\t<meta property=\"og:image:width\" content=\"900\" \/>\n\t<meta property=\"og:image:height\" content=\"675\" \/>\n\t<meta property=\"og:image:type\" content=\"image\/jpeg\" \/>\n<meta name=\"author\" content=\"vicaadmin\" \/>\n<meta name=\"twitter:label1\" content=\"Written by\" \/>\n\t<meta name=\"twitter:data1\" content=\"vicaadmin\" \/>\n\t<meta name=\"twitter:label2\" content=\"Est. reading time\" \/>\n\t<meta name=\"twitter:data2\" content=\"1 minute\" \/>\n<script type=\"application\/ld+json\" class=\"yoast-schema-graph\">{\"@context\":\"https:\\\/\\\/schema.org\",\"@graph\":[{\"@type\":\"Article\",\"@id\":\"https:\\\/\\\/freie-trauungen-berlin.de\\\/en\\\/2012\\\/08\\\/hochzeit-am-11-8-2012-im-literarischen-colloquium-berlin\\\/#article\",\"isPartOf\":{\"@id\":\"https:\\\/\\\/freie-trauungen-berlin.de\\\/en\\\/2012\\\/08\\\/hochzeit-am-11-8-2012-im-literarischen-colloquium-berlin\\\/\"},\"author\":{\"name\":\"vicaadmin\",\"@id\":\"https:\\\/\\\/freie-trauungen-berlin.de\\\/#\\\/schema\\\/person\\\/3ee036e334363dd69c03481da61de4ac\"},\"headline\":\"Hochzeit am 11.8.2012 im Literarischen Colloquium Berlin\",\"datePublished\":\"2012-08-13T20:04:00+00:00\",\"mainEntityOfPage\":{\"@id\":\"https:\\\/\\\/freie-trauungen-berlin.de\\\/en\\\/2012\\\/08\\\/hochzeit-am-11-8-2012-im-literarischen-colloquium-berlin\\\/\"},\"wordCount\":109,\"commentCount\":0,\"image\":{\"@id\":\"https:\\\/\\\/freie-trauungen-berlin.de\\\/en\\\/2012\\\/08\\\/hochzeit-am-11-8-2012-im-literarischen-colloquium-berlin\\\/#primaryimage\"},\"thumbnailUrl\":\"https:\\\/\\\/freie-trauungen-berlin.de\\\/wp-content\\\/uploads\\\/2012\\\/08\\\/IMG_9765.jpg\",\"inLanguage\":\"en-US\",\"potentialAction\":[{\"@type\":\"CommentAction\",\"name\":\"Comment\",\"target\":[\"https:\\\/\\\/freie-trauungen-berlin.de\\\/en\\\/2012\\\/08\\\/hochzeit-am-11-8-2012-im-literarischen-colloquium-berlin\\\/#respond\"]}]},{\"@type\":\"WebPage\",\"@id\":\"https:\\\/\\\/freie-trauungen-berlin.de\\\/en\\\/2012\\\/08\\\/hochzeit-am-11-8-2012-im-literarischen-colloquium-berlin\\\/\",\"url\":\"https:\\\/\\\/freie-trauungen-berlin.de\\\/en\\\/2012\\\/08\\\/hochzeit-am-11-8-2012-im-literarischen-colloquium-berlin\\\/\",\"name\":\"Hochzeit am 11.8.2012 im Literarischen Colloquium Berlin - Freie Trauungen Berlin\",\"isPartOf\":{\"@id\":\"https:\\\/\\\/freie-trauungen-berlin.de\\\/#website\"},\"primaryImageOfPage\":{\"@id\":\"https:\\\/\\\/freie-trauungen-berlin.de\\\/en\\\/2012\\\/08\\\/hochzeit-am-11-8-2012-im-literarischen-colloquium-berlin\\\/#primaryimage\"},\"image\":{\"@id\":\"https:\\\/\\\/freie-trauungen-berlin.de\\\/en\\\/2012\\\/08\\\/hochzeit-am-11-8-2012-im-literarischen-colloquium-berlin\\\/#primaryimage\"},\"thumbnailUrl\":\"https:\\\/\\\/freie-trauungen-berlin.de\\\/wp-content\\\/uploads\\\/2012\\\/08\\\/IMG_9765.jpg\",\"datePublished\":\"2012-08-13T20:04:00+00:00\",\"author\":{\"@id\":\"https:\\\/\\\/freie-trauungen-berlin.de\\\/#\\\/schema\\\/person\\\/3ee036e334363dd69c03481da61de4ac\"},\"inLanguage\":\"en-US\",\"potentialAction\":[{\"@type\":\"ReadAction\",\"target\":[\"https:\\\/\\\/freie-trauungen-berlin.de\\\/en\\\/2012\\\/08\\\/hochzeit-am-11-8-2012-im-literarischen-colloquium-berlin\\\/\"]}]},{\"@type\":\"ImageObject\",\"inLanguage\":\"en-US\",\"@id\":\"https:\\\/\\\/freie-trauungen-berlin.de\\\/en\\\/2012\\\/08\\\/hochzeit-am-11-8-2012-im-literarischen-colloquium-berlin\\\/#primaryimage\",\"url\":\"https:\\\/\\\/freie-trauungen-berlin.de\\\/wp-content\\\/uploads\\\/2012\\\/08\\\/IMG_9765.jpg\",\"contentUrl\":\"https:\\\/\\\/freie-trauungen-berlin.de\\\/wp-content\\\/uploads\\\/2012\\\/08\\\/IMG_9765.jpg\",\"width\":\"900\",\"height\":\"675\"},{\"@type\":\"WebSite\",\"@id\":\"https:\\\/\\\/freie-trauungen-berlin.de\\\/#website\",\"url\":\"https:\\\/\\\/freie-trauungen-berlin.de\\\/\",\"name\":\"Freie Trauungen Berlin\",\"description\":\"Sabrina Rucks - Die Hochzeits-Ja-Sagerin\",\"potentialAction\":[{\"@type\":\"SearchAction\",\"target\":{\"@type\":\"EntryPoint\",\"urlTemplate\":\"https:\\\/\\\/freie-trauungen-berlin.de\\\/?s={search_term_string}\"},\"query-input\":{\"@type\":\"PropertyValueSpecification\",\"valueRequired\":true,\"valueName\":\"search_term_string\"}}],\"inLanguage\":\"en-US\"},{\"@type\":\"Person\",\"@id\":\"https:\\\/\\\/freie-trauungen-berlin.de\\\/#\\\/schema\\\/person\\\/3ee036e334363dd69c03481da61de4ac\",\"name\":\"vicaadmin\",\"image\":{\"@type\":\"ImageObject\",\"inLanguage\":\"en-US\",\"@id\":\"https:\\\/\\\/secure.gravatar.com\\\/avatar\\\/d25593f6d42d0c2625ce677fa7f6ebaf2eec8c36525373a02a22f164c62fe1e5?s=96&d=mm&r=g\",\"url\":\"https:\\\/\\\/secure.gravatar.com\\\/avatar\\\/d25593f6d42d0c2625ce677fa7f6ebaf2eec8c36525373a02a22f164c62fe1e5?s=96&d=mm&r=g\",\"contentUrl\":\"https:\\\/\\\/secure.gravatar.com\\\/avatar\\\/d25593f6d42d0c2625ce677fa7f6ebaf2eec8c36525373a02a22f164c62fe1e5?s=96&d=mm&r=g\",\"caption\":\"vicaadmin\"},\"url\":\"https:\\\/\\\/freie-trauungen-berlin.de\\\/en\\\/author\\\/vicaadmin\\\/\"}]}<\/script>\n<!-- \/ Yoast SEO plugin. -->","yoast_head_json":{"title":"Hochzeit am 11.8.2012 im Literarischen Colloquium Berlin - Freie Trauungen Berlin","robots":{"index":"index","follow":"follow","max-snippet":"max-snippet:-1","max-image-preview":"max-image-preview:large","max-video-preview":"max-video-preview:-1"},"canonical":"https:\/\/freie-trauungen-berlin.de\/en\/2012\/08\/hochzeit-am-11-8-2012-im-literarischen-colloquium-berlin\/","og_locale":"en_US","og_type":"article","og_title":"Hochzeit am 11.8.2012 im Literarischen Colloquium Berlin - Freie Trauungen Berlin","og_description":"Die Sonne lachte und dazu hatte sie auch allen Grund. Sonnenblumen \u00fcber Sonnenblumen schm\u00fcckten die Trauung im Literarischem Colloquium. Im Hintergrund glitzerte das Wasser und die Segelbote boten einen zauberhaften Anblick. Selbst die Bl\u00fcte einer Sonnenblume wurde als Ringkissen genutzt. Vom Brautstrau\u00df bis hin zum Anstecker des Herrn \u00fcberall lachten die wundersch\u00f6nen Blumen uns an. [&hellip;]","og_url":"https:\/\/freie-trauungen-berlin.de\/en\/2012\/08\/hochzeit-am-11-8-2012-im-literarischen-colloquium-berlin\/","og_site_name":"Freie Trauungen Berlin","article_published_time":"2012-08-13T20:04:00+00:00","og_image":[{"width":900,"height":675,"url":"https:\/\/freie-trauungen-berlin.de\/wp-content\/uploads\/2012\/08\/IMG_9765.jpg","type":"image\/jpeg"}],"author":"vicaadmin","twitter_misc":{"Written by":"vicaadmin","Est. reading time":"1 minute"},"schema":{"@context":"https:\/\/schema.org","@graph":[{"@type":"Article","@id":"https:\/\/freie-trauungen-berlin.de\/en\/2012\/08\/hochzeit-am-11-8-2012-im-literarischen-colloquium-berlin\/#article","isPartOf":{"@id":"https:\/\/freie-trauungen-berlin.de\/en\/2012\/08\/hochzeit-am-11-8-2012-im-literarischen-colloquium-berlin\/"},"author":{"name":"vicaadmin","@id":"https:\/\/freie-trauungen-berlin.de\/#\/schema\/person\/3ee036e334363dd69c03481da61de4ac"},"headline":"Hochzeit am 11.8.2012 im Literarischen Colloquium Berlin","datePublished":"2012-08-13T20:04:00+00:00","mainEntityOfPage":{"@id":"https:\/\/freie-trauungen-berlin.de\/en\/2012\/08\/hochzeit-am-11-8-2012-im-literarischen-colloquium-berlin\/"},"wordCount":109,"commentCount":0,"image":{"@id":"https:\/\/freie-trauungen-berlin.de\/en\/2012\/08\/hochzeit-am-11-8-2012-im-literarischen-colloquium-berlin\/#primaryimage"},"thumbnailUrl":"https:\/\/freie-trauungen-berlin.de\/wp-content\/uploads\/2012\/08\/IMG_9765.jpg","inLanguage":"en-US","potentialAction":[{"@type":"CommentAction","name":"Comment","target":["https:\/\/freie-trauungen-berlin.de\/en\/2012\/08\/hochzeit-am-11-8-2012-im-literarischen-colloquium-berlin\/#respond"]}]},{"@type":"WebPage","@id":"https:\/\/freie-trauungen-berlin.de\/en\/2012\/08\/hochzeit-am-11-8-2012-im-literarischen-colloquium-berlin\/","url":"https:\/\/freie-trauungen-berlin.de\/en\/2012\/08\/hochzeit-am-11-8-2012-im-literarischen-colloquium-berlin\/","name":"Hochzeit am 11.8.2012 im Literarischen Colloquium Berlin - Freie Trauungen Berlin","isPartOf":{"@id":"https:\/\/freie-trauungen-berlin.de\/#website"},"primaryImageOfPage":{"@id":"https:\/\/freie-trauungen-berlin.de\/en\/2012\/08\/hochzeit-am-11-8-2012-im-literarischen-colloquium-berlin\/#primaryimage"},"image":{"@id":"https:\/\/freie-trauungen-berlin.de\/en\/2012\/08\/hochzeit-am-11-8-2012-im-literarischen-colloquium-berlin\/#primaryimage"},"thumbnailUrl":"https:\/\/freie-trauungen-berlin.de\/wp-content\/uploads\/2012\/08\/IMG_9765.jpg","datePublished":"2012-08-13T20:04:00+00:00","author":{"@id":"https:\/\/freie-trauungen-berlin.de\/#\/schema\/person\/3ee036e334363dd69c03481da61de4ac"},"inLanguage":"en-US","potentialAction":[{"@type":"ReadAction","target":["https:\/\/freie-trauungen-berlin.de\/en\/2012\/08\/hochzeit-am-11-8-2012-im-literarischen-colloquium-berlin\/"]}]},{"@type":"ImageObject","inLanguage":"en-US","@id":"https:\/\/freie-trauungen-berlin.de\/en\/2012\/08\/hochzeit-am-11-8-2012-im-literarischen-colloquium-berlin\/#primaryimage","url":"https:\/\/freie-trauungen-berlin.de\/wp-content\/uploads\/2012\/08\/IMG_9765.jpg","contentUrl":"https:\/\/freie-trauungen-berlin.de\/wp-content\/uploads\/2012\/08\/IMG_9765.jpg","width":"900","height":"675"},{"@type":"WebSite","@id":"https:\/\/freie-trauungen-berlin.de\/#website","url":"https:\/\/freie-trauungen-berlin.de\/","name":"Freie Trauungen Berlin","description":"Sabrina Rucks - Die Hochzeits-Ja-Sagerin","potentialAction":[{"@type":"SearchAction","target":{"@type":"EntryPoint","urlTemplate":"https:\/\/freie-trauungen-berlin.de\/?s={search_term_string}"},"query-input":{"@type":"PropertyValueSpecification","valueRequired":true,"valueName":"search_term_string"}}],"inLanguage":"en-US"},{"@type":"Person","@id":"https:\/\/freie-trauungen-berlin.de\/#\/schema\/person\/3ee036e334363dd69c03481da61de4ac","name":"vicaadmin","image":{"@type":"ImageObject","inLanguage":"en-US","@id":"https:\/\/secure.gravatar.com\/avatar\/d25593f6d42d0c2625ce677fa7f6ebaf2eec8c36525373a02a22f164c62fe1e5?s=96&d=mm&r=g","url":"https:\/\/secure.gravatar.com\/avatar\/d25593f6d42d0c2625ce677fa7f6ebaf2eec8c36525373a02a22f164c62fe1e5?s=96&d=mm&r=g","contentUrl":"https:\/\/secure.gravatar.com\/avatar\/d25593f6d42d0c2625ce677fa7f6ebaf2eec8c36525373a02a22f164c62fe1e5?s=96&d=mm&r=g","caption":"vicaadmin"},"url":"https:\/\/freie-trauungen-berlin.de\/en\/author\/vicaadmin\/"}]}},"_links":{"self":[{"href":"https:\/\/freie-trauungen-berlin.de\/en\/wp-json\/wp\/v2\/posts\/1107","targetHints":{"allow":["GET"]}}],"collection":[{"href":"https:\/\/freie-trauungen-berlin.de\/en\/wp-json\/wp\/v2\/posts"}],"about":[{"href":"https:\/\/freie-trauungen-berlin.de\/en\/wp-json\/wp\/v2\/types\/post"}],"author":[{"embeddable":true,"href":"https:\/\/freie-trauungen-berlin.de\/en\/wp-json\/wp\/v2\/users\/1"}],"replies":[{"embeddable":true,"href":"https:\/\/freie-trauungen-berlin.de\/en\/wp-json\/wp\/v2\/comments?post=1107"}],"version-history":[{"count":0,"href":"https:\/\/freie-trauungen-berlin.de\/en\/wp-json\/wp\/v2\/posts\/1107\/revisions"}],"wp:featuredmedia":[{"embeddable":true,"href":"https:\/\/freie-trauungen-berlin.de\/en\/wp-json\/wp\/v2\/media\/493"}],"wp:attachment":[{"href":"https:\/\/freie-trauungen-berlin.de\/en\/wp-json\/wp\/v2\/media?parent=1107"}],"wp:term":[{"taxonomy":"category","embeddable":true,"href":"https:\/\/freie-trauungen-berlin.de\/en\/wp-json\/wp\/v2\/categories?post=1107"},{"taxonomy":"post_tag","embeddable":true,"href":"https:\/\/freie-trauungen-berlin.de\/en\/wp-json\/wp\/v2\/tags?post=1107"}],"curies":[{"name":"wp","href":"https:\/\/api.w.org\/{rel}","templated":true}]}}