{"id":1099,"date":"2012-03-03T21:49:47","date_gmt":"2012-03-03T19:49:47","guid":{"rendered":"http:\/\/freie-trauungen-berlin.de\/2012\/03\/hochzeit-am-3-03-2012-im-seehof-hotel-am-lietzensee-2\/"},"modified":"2012-03-03T21:49:47","modified_gmt":"2012-03-03T19:49:47","slug":"hochzeit-am-3-03-2012-im-seehof-hotel-am-lietzensee-2","status":"publish","type":"post","link":"https:\/\/freie-trauungen-berlin.de\/en\/2012\/03\/hochzeit-am-3-03-2012-im-seehof-hotel-am-lietzensee-2\/","title":{"rendered":"Hochzeit am 3.03.2012 im Seehof Hotel am Lietzensee"},"content":{"rendered":"<p>Olivia &#038; Dennis<\/p>\n<p>Die ersten w\u00e4rmenden Sonnenstrahlen und Olivia und Dennis geben sich das JA Wort im romantischen Ambiente. Luftballontrauben schm\u00fcckten den Raum und durch die riesengro\u00dfen Glas Fenster lud sich die Sonne mit ein. In einem Traum von Kleid in \u2026Wei\u00df Schwarz betrat Olivia den Raum und Dennis hielt die Luft an. Freunde der Zunft bildeten ein Spalier und geleiteten so die Beiden in eine gl\u00fcckliche Ehe.<\/p>\n","protected":false},"excerpt":{"rendered":"<p>Olivia &#038; Dennis Die ersten w\u00e4rmenden Sonnenstrahlen und Olivia und Dennis geben sich das JA Wort im romantischen Ambiente. Luftballontrauben schm\u00fcckten den Raum und durch die riesengro\u00dfen Glas Fenster lud sich die Sonne mit ein. In einem Traum von Kleid in \u2026Wei\u00df Schwarz betrat Olivia den Raum und Dennis hielt die Luft an. Freunde der [&hellip;]<\/p>\n","protected":false},"author":1,"featured_media":610,"comment_status":"open","ping_status":"open","sticky":false,"template":"","format":"standard","meta":{"_et_pb_use_builder":"","_et_pb_old_content":"","_et_gb_content_width":"","footnotes":""},"categories":[],"tags":[],"class_list":["post-1099","post","type-post","status-publish","format-standard","has-post-thumbnail","hentry"],"yoast_head":"<!-- This site is optimized with the Yoast SEO plugin v27.4 - https:\/\/yoast.com\/product\/yoast-seo-wordpress\/ -->\n<title>Hochzeit am 3.03.2012 im Seehof Hotel am Lietzensee - Freie Trauungen Berlin<\/title>\n<meta name=\"robots\" content=\"index, follow, max-snippet:-1, max-image-preview:large, max-video-preview:-1\" \/>\n<link rel=\"canonical\" href=\"https:\/\/freie-trauungen-berlin.de\/en\/2012\/03\/hochzeit-am-3-03-2012-im-seehof-hotel-am-lietzensee-2\/\" \/>\n<meta property=\"og:locale\" content=\"en_US\" \/>\n<meta property=\"og:type\" content=\"article\" \/>\n<meta property=\"og:title\" content=\"Hochzeit am 3.03.2012 im Seehof Hotel am Lietzensee - Freie Trauungen Berlin\" \/>\n<meta property=\"og:description\" content=\"Olivia &#038; Dennis Die ersten w\u00e4rmenden Sonnenstrahlen und Olivia und Dennis geben sich das JA Wort im romantischen Ambiente. Luftballontrauben schm\u00fcckten den Raum und durch die riesengro\u00dfen Glas Fenster lud sich die Sonne mit ein. In einem Traum von Kleid in \u2026Wei\u00df Schwarz betrat Olivia den Raum und Dennis hielt die Luft an. Freunde der [&hellip;]\" \/>\n<meta property=\"og:url\" content=\"https:\/\/freie-trauungen-berlin.de\/en\/2012\/03\/hochzeit-am-3-03-2012-im-seehof-hotel-am-lietzensee-2\/\" \/>\n<meta property=\"og:site_name\" content=\"Freie Trauungen Berlin\" \/>\n<meta property=\"article:published_time\" content=\"2012-03-03T19:49:47+00:00\" \/>\n<meta property=\"og:image\" content=\"https:\/\/freie-trauungen-berlin.de\/wp-content\/uploads\/2012\/03\/oliviadennis01.jpg\" \/>\n\t<meta property=\"og:image:width\" content=\"900\" \/>\n\t<meta property=\"og:image:height\" content=\"675\" \/>\n\t<meta property=\"og:image:type\" content=\"image\/jpeg\" \/>\n<meta name=\"author\" content=\"vicaadmin\" \/>\n<meta name=\"twitter:label1\" content=\"Written by\" \/>\n\t<meta name=\"twitter:data1\" content=\"vicaadmin\" \/>\n<script type=\"application\/ld+json\" class=\"yoast-schema-graph\">{\"@context\":\"https:\\\/\\\/schema.org\",\"@graph\":[{\"@type\":\"Article\",\"@id\":\"https:\\\/\\\/freie-trauungen-berlin.de\\\/en\\\/2012\\\/03\\\/hochzeit-am-3-03-2012-im-seehof-hotel-am-lietzensee-2\\\/#article\",\"isPartOf\":{\"@id\":\"https:\\\/\\\/freie-trauungen-berlin.de\\\/en\\\/2012\\\/03\\\/hochzeit-am-3-03-2012-im-seehof-hotel-am-lietzensee-2\\\/\"},\"author\":{\"name\":\"vicaadmin\",\"@id\":\"https:\\\/\\\/freie-trauungen-berlin.de\\\/#\\\/schema\\\/person\\\/3ee036e334363dd69c03481da61de4ac\"},\"headline\":\"Hochzeit am 3.03.2012 im Seehof Hotel am Lietzensee\",\"datePublished\":\"2012-03-03T19:49:47+00:00\",\"mainEntityOfPage\":{\"@id\":\"https:\\\/\\\/freie-trauungen-berlin.de\\\/en\\\/2012\\\/03\\\/hochzeit-am-3-03-2012-im-seehof-hotel-am-lietzensee-2\\\/\"},\"wordCount\":78,\"commentCount\":0,\"image\":{\"@id\":\"https:\\\/\\\/freie-trauungen-berlin.de\\\/en\\\/2012\\\/03\\\/hochzeit-am-3-03-2012-im-seehof-hotel-am-lietzensee-2\\\/#primaryimage\"},\"thumbnailUrl\":\"https:\\\/\\\/freie-trauungen-berlin.de\\\/wp-content\\\/uploads\\\/2012\\\/03\\\/oliviadennis01.jpg\",\"inLanguage\":\"en-US\",\"potentialAction\":[{\"@type\":\"CommentAction\",\"name\":\"Comment\",\"target\":[\"https:\\\/\\\/freie-trauungen-berlin.de\\\/en\\\/2012\\\/03\\\/hochzeit-am-3-03-2012-im-seehof-hotel-am-lietzensee-2\\\/#respond\"]}]},{\"@type\":\"WebPage\",\"@id\":\"https:\\\/\\\/freie-trauungen-berlin.de\\\/en\\\/2012\\\/03\\\/hochzeit-am-3-03-2012-im-seehof-hotel-am-lietzensee-2\\\/\",\"url\":\"https:\\\/\\\/freie-trauungen-berlin.de\\\/en\\\/2012\\\/03\\\/hochzeit-am-3-03-2012-im-seehof-hotel-am-lietzensee-2\\\/\",\"name\":\"Hochzeit am 3.03.2012 im Seehof Hotel am Lietzensee - Freie Trauungen Berlin\",\"isPartOf\":{\"@id\":\"https:\\\/\\\/freie-trauungen-berlin.de\\\/#website\"},\"primaryImageOfPage\":{\"@id\":\"https:\\\/\\\/freie-trauungen-berlin.de\\\/en\\\/2012\\\/03\\\/hochzeit-am-3-03-2012-im-seehof-hotel-am-lietzensee-2\\\/#primaryimage\"},\"image\":{\"@id\":\"https:\\\/\\\/freie-trauungen-berlin.de\\\/en\\\/2012\\\/03\\\/hochzeit-am-3-03-2012-im-seehof-hotel-am-lietzensee-2\\\/#primaryimage\"},\"thumbnailUrl\":\"https:\\\/\\\/freie-trauungen-berlin.de\\\/wp-content\\\/uploads\\\/2012\\\/03\\\/oliviadennis01.jpg\",\"datePublished\":\"2012-03-03T19:49:47+00:00\",\"author\":{\"@id\":\"https:\\\/\\\/freie-trauungen-berlin.de\\\/#\\\/schema\\\/person\\\/3ee036e334363dd69c03481da61de4ac\"},\"inLanguage\":\"en-US\",\"potentialAction\":[{\"@type\":\"ReadAction\",\"target\":[\"https:\\\/\\\/freie-trauungen-berlin.de\\\/en\\\/2012\\\/03\\\/hochzeit-am-3-03-2012-im-seehof-hotel-am-lietzensee-2\\\/\"]}]},{\"@type\":\"ImageObject\",\"inLanguage\":\"en-US\",\"@id\":\"https:\\\/\\\/freie-trauungen-berlin.de\\\/en\\\/2012\\\/03\\\/hochzeit-am-3-03-2012-im-seehof-hotel-am-lietzensee-2\\\/#primaryimage\",\"url\":\"https:\\\/\\\/freie-trauungen-berlin.de\\\/wp-content\\\/uploads\\\/2012\\\/03\\\/oliviadennis01.jpg\",\"contentUrl\":\"https:\\\/\\\/freie-trauungen-berlin.de\\\/wp-content\\\/uploads\\\/2012\\\/03\\\/oliviadennis01.jpg\",\"width\":\"900\",\"height\":\"675\"},{\"@type\":\"WebSite\",\"@id\":\"https:\\\/\\\/freie-trauungen-berlin.de\\\/#website\",\"url\":\"https:\\\/\\\/freie-trauungen-berlin.de\\\/\",\"name\":\"Freie Trauungen Berlin\",\"description\":\"Sabrina Rucks - Die Hochzeits-Ja-Sagerin\",\"potentialAction\":[{\"@type\":\"SearchAction\",\"target\":{\"@type\":\"EntryPoint\",\"urlTemplate\":\"https:\\\/\\\/freie-trauungen-berlin.de\\\/?s={search_term_string}\"},\"query-input\":{\"@type\":\"PropertyValueSpecification\",\"valueRequired\":true,\"valueName\":\"search_term_string\"}}],\"inLanguage\":\"en-US\"},{\"@type\":\"Person\",\"@id\":\"https:\\\/\\\/freie-trauungen-berlin.de\\\/#\\\/schema\\\/person\\\/3ee036e334363dd69c03481da61de4ac\",\"name\":\"vicaadmin\",\"image\":{\"@type\":\"ImageObject\",\"inLanguage\":\"en-US\",\"@id\":\"https:\\\/\\\/secure.gravatar.com\\\/avatar\\\/d25593f6d42d0c2625ce677fa7f6ebaf2eec8c36525373a02a22f164c62fe1e5?s=96&d=mm&r=g\",\"url\":\"https:\\\/\\\/secure.gravatar.com\\\/avatar\\\/d25593f6d42d0c2625ce677fa7f6ebaf2eec8c36525373a02a22f164c62fe1e5?s=96&d=mm&r=g\",\"contentUrl\":\"https:\\\/\\\/secure.gravatar.com\\\/avatar\\\/d25593f6d42d0c2625ce677fa7f6ebaf2eec8c36525373a02a22f164c62fe1e5?s=96&d=mm&r=g\",\"caption\":\"vicaadmin\"},\"url\":\"https:\\\/\\\/freie-trauungen-berlin.de\\\/en\\\/author\\\/vicaadmin\\\/\"}]}<\/script>\n<!-- \/ Yoast SEO plugin. -->","yoast_head_json":{"title":"Hochzeit am 3.03.2012 im Seehof Hotel am Lietzensee - Freie Trauungen Berlin","robots":{"index":"index","follow":"follow","max-snippet":"max-snippet:-1","max-image-preview":"max-image-preview:large","max-video-preview":"max-video-preview:-1"},"canonical":"https:\/\/freie-trauungen-berlin.de\/en\/2012\/03\/hochzeit-am-3-03-2012-im-seehof-hotel-am-lietzensee-2\/","og_locale":"en_US","og_type":"article","og_title":"Hochzeit am 3.03.2012 im Seehof Hotel am Lietzensee - Freie Trauungen Berlin","og_description":"Olivia &#038; Dennis Die ersten w\u00e4rmenden Sonnenstrahlen und Olivia und Dennis geben sich das JA Wort im romantischen Ambiente. Luftballontrauben schm\u00fcckten den Raum und durch die riesengro\u00dfen Glas Fenster lud sich die Sonne mit ein. In einem Traum von Kleid in \u2026Wei\u00df Schwarz betrat Olivia den Raum und Dennis hielt die Luft an. Freunde der [&hellip;]","og_url":"https:\/\/freie-trauungen-berlin.de\/en\/2012\/03\/hochzeit-am-3-03-2012-im-seehof-hotel-am-lietzensee-2\/","og_site_name":"Freie Trauungen Berlin","article_published_time":"2012-03-03T19:49:47+00:00","og_image":[{"width":900,"height":675,"url":"https:\/\/freie-trauungen-berlin.de\/wp-content\/uploads\/2012\/03\/oliviadennis01.jpg","type":"image\/jpeg"}],"author":"vicaadmin","twitter_misc":{"Written by":"vicaadmin"},"schema":{"@context":"https:\/\/schema.org","@graph":[{"@type":"Article","@id":"https:\/\/freie-trauungen-berlin.de\/en\/2012\/03\/hochzeit-am-3-03-2012-im-seehof-hotel-am-lietzensee-2\/#article","isPartOf":{"@id":"https:\/\/freie-trauungen-berlin.de\/en\/2012\/03\/hochzeit-am-3-03-2012-im-seehof-hotel-am-lietzensee-2\/"},"author":{"name":"vicaadmin","@id":"https:\/\/freie-trauungen-berlin.de\/#\/schema\/person\/3ee036e334363dd69c03481da61de4ac"},"headline":"Hochzeit am 3.03.2012 im Seehof Hotel am Lietzensee","datePublished":"2012-03-03T19:49:47+00:00","mainEntityOfPage":{"@id":"https:\/\/freie-trauungen-berlin.de\/en\/2012\/03\/hochzeit-am-3-03-2012-im-seehof-hotel-am-lietzensee-2\/"},"wordCount":78,"commentCount":0,"image":{"@id":"https:\/\/freie-trauungen-berlin.de\/en\/2012\/03\/hochzeit-am-3-03-2012-im-seehof-hotel-am-lietzensee-2\/#primaryimage"},"thumbnailUrl":"https:\/\/freie-trauungen-berlin.de\/wp-content\/uploads\/2012\/03\/oliviadennis01.jpg","inLanguage":"en-US","potentialAction":[{"@type":"CommentAction","name":"Comment","target":["https:\/\/freie-trauungen-berlin.de\/en\/2012\/03\/hochzeit-am-3-03-2012-im-seehof-hotel-am-lietzensee-2\/#respond"]}]},{"@type":"WebPage","@id":"https:\/\/freie-trauungen-berlin.de\/en\/2012\/03\/hochzeit-am-3-03-2012-im-seehof-hotel-am-lietzensee-2\/","url":"https:\/\/freie-trauungen-berlin.de\/en\/2012\/03\/hochzeit-am-3-03-2012-im-seehof-hotel-am-lietzensee-2\/","name":"Hochzeit am 3.03.2012 im Seehof Hotel am Lietzensee - Freie Trauungen Berlin","isPartOf":{"@id":"https:\/\/freie-trauungen-berlin.de\/#website"},"primaryImageOfPage":{"@id":"https:\/\/freie-trauungen-berlin.de\/en\/2012\/03\/hochzeit-am-3-03-2012-im-seehof-hotel-am-lietzensee-2\/#primaryimage"},"image":{"@id":"https:\/\/freie-trauungen-berlin.de\/en\/2012\/03\/hochzeit-am-3-03-2012-im-seehof-hotel-am-lietzensee-2\/#primaryimage"},"thumbnailUrl":"https:\/\/freie-trauungen-berlin.de\/wp-content\/uploads\/2012\/03\/oliviadennis01.jpg","datePublished":"2012-03-03T19:49:47+00:00","author":{"@id":"https:\/\/freie-trauungen-berlin.de\/#\/schema\/person\/3ee036e334363dd69c03481da61de4ac"},"inLanguage":"en-US","potentialAction":[{"@type":"ReadAction","target":["https:\/\/freie-trauungen-berlin.de\/en\/2012\/03\/hochzeit-am-3-03-2012-im-seehof-hotel-am-lietzensee-2\/"]}]},{"@type":"ImageObject","inLanguage":"en-US","@id":"https:\/\/freie-trauungen-berlin.de\/en\/2012\/03\/hochzeit-am-3-03-2012-im-seehof-hotel-am-lietzensee-2\/#primaryimage","url":"https:\/\/freie-trauungen-berlin.de\/wp-content\/uploads\/2012\/03\/oliviadennis01.jpg","contentUrl":"https:\/\/freie-trauungen-berlin.de\/wp-content\/uploads\/2012\/03\/oliviadennis01.jpg","width":"900","height":"675"},{"@type":"WebSite","@id":"https:\/\/freie-trauungen-berlin.de\/#website","url":"https:\/\/freie-trauungen-berlin.de\/","name":"Freie Trauungen Berlin","description":"Sabrina Rucks - Die Hochzeits-Ja-Sagerin","potentialAction":[{"@type":"SearchAction","target":{"@type":"EntryPoint","urlTemplate":"https:\/\/freie-trauungen-berlin.de\/?s={search_term_string}"},"query-input":{"@type":"PropertyValueSpecification","valueRequired":true,"valueName":"search_term_string"}}],"inLanguage":"en-US"},{"@type":"Person","@id":"https:\/\/freie-trauungen-berlin.de\/#\/schema\/person\/3ee036e334363dd69c03481da61de4ac","name":"vicaadmin","image":{"@type":"ImageObject","inLanguage":"en-US","@id":"https:\/\/secure.gravatar.com\/avatar\/d25593f6d42d0c2625ce677fa7f6ebaf2eec8c36525373a02a22f164c62fe1e5?s=96&d=mm&r=g","url":"https:\/\/secure.gravatar.com\/avatar\/d25593f6d42d0c2625ce677fa7f6ebaf2eec8c36525373a02a22f164c62fe1e5?s=96&d=mm&r=g","contentUrl":"https:\/\/secure.gravatar.com\/avatar\/d25593f6d42d0c2625ce677fa7f6ebaf2eec8c36525373a02a22f164c62fe1e5?s=96&d=mm&r=g","caption":"vicaadmin"},"url":"https:\/\/freie-trauungen-berlin.de\/en\/author\/vicaadmin\/"}]}},"_links":{"self":[{"href":"https:\/\/freie-trauungen-berlin.de\/en\/wp-json\/wp\/v2\/posts\/1099","targetHints":{"allow":["GET"]}}],"collection":[{"href":"https:\/\/freie-trauungen-berlin.de\/en\/wp-json\/wp\/v2\/posts"}],"about":[{"href":"https:\/\/freie-trauungen-berlin.de\/en\/wp-json\/wp\/v2\/types\/post"}],"author":[{"embeddable":true,"href":"https:\/\/freie-trauungen-berlin.de\/en\/wp-json\/wp\/v2\/users\/1"}],"replies":[{"embeddable":true,"href":"https:\/\/freie-trauungen-berlin.de\/en\/wp-json\/wp\/v2\/comments?post=1099"}],"version-history":[{"count":0,"href":"https:\/\/freie-trauungen-berlin.de\/en\/wp-json\/wp\/v2\/posts\/1099\/revisions"}],"wp:featuredmedia":[{"embeddable":true,"href":"https:\/\/freie-trauungen-berlin.de\/en\/wp-json\/wp\/v2\/media\/610"}],"wp:attachment":[{"href":"https:\/\/freie-trauungen-berlin.de\/en\/wp-json\/wp\/v2\/media?parent=1099"}],"wp:term":[{"taxonomy":"category","embeddable":true,"href":"https:\/\/freie-trauungen-berlin.de\/en\/wp-json\/wp\/v2\/categories?post=1099"},{"taxonomy":"post_tag","embeddable":true,"href":"https:\/\/freie-trauungen-berlin.de\/en\/wp-json\/wp\/v2\/tags?post=1099"}],"curies":[{"name":"wp","href":"https:\/\/api.w.org\/{rel}","templated":true}]}}